
			
				

					
				

			
		{"items":"\n\t\t\t\t\t\t\t\t\t\t\t\t\t\t<link rel=\"stylesheet\" id=\"wd-post-types-mod-categories-style-bg-css\" href=\"https:\/\/huseierforening.no\/wp-content\/themes\/woodmart\/css\/parts\/post-types-mod-categories-style-bg.min.css?ver=8.2.7\" type=\"text\/css\" media=\"all\" \/> \t\t\t\n<article id=\"post-13335\" class=\"wd-post blog-design-masonry blog-post-loop blog-style-bg wd-add-shadow wd-col post-13335 post type-post status-publish format-standard has-post-thumbnail hentry category-skatt\">\n\t<div class=\"wd-post-inner article-inner\">\n\t\t\t\t\t<div class=\"wd-post-thumb entry-header\">\n\t\t\t\t\t\t\t\t\t<div class=\"wd-post-img post-img-wrapp\">\n\t\t\t\t\t\t<img width=\"1024\" height=\"684\" src=\"https:\/\/huseierforening.no\/wp-content\/uploads\/2020\/01\/sandvik2-e1685018062262-1024x684.webp\" class=\"attachment-large size-large\" alt=\"Skattepliktig boligsalg\" decoding=\"async\" fetchpriority=\"high\" srcset=\"https:\/\/huseierforening.no\/wp-content\/uploads\/2020\/01\/sandvik2-e1685018062262-1024x684.webp 1024w, https:\/\/huseierforening.no\/wp-content\/uploads\/2020\/01\/sandvik2-e1685018062262-150x100.webp 150w, https:\/\/huseierforening.no\/wp-content\/uploads\/2020\/01\/sandvik2-e1685018062262-1000x668.webp 1000w, https:\/\/huseierforening.no\/wp-content\/uploads\/2020\/01\/sandvik2-e1685018062262-300x200.webp 300w, https:\/\/huseierforening.no\/wp-content\/uploads\/2020\/01\/sandvik2-e1685018062262-768x513.webp 768w, https:\/\/huseierforening.no\/wp-content\/uploads\/2020\/01\/sandvik2-e1685018062262-1536x1025.webp 1536w, https:\/\/huseierforening.no\/wp-content\/uploads\/2020\/01\/sandvik2-e1685018062262-2048x1367.webp 2048w\" sizes=\"(max-width: 1024px) 100vw, 1024px\" \/>\t\t\t\t\t<\/div>\n\t\t\t\t\t<a class=\"wd-fill\" href=\"https:\/\/huseierforening.no\/skattepliktig-boligsalg\/\"><\/a>\n\t\t\t\t\n\t\t\t\t\t\t\t\t\t\t\t\t<link rel=\"stylesheet\" id=\"wd-post-types-mod-date-style-bg-css\" href=\"https:\/\/huseierforening.no\/wp-content\/themes\/woodmart\/css\/parts\/post-types-mod-date-style-bg.min.css?ver=8.2.7\" type=\"text\/css\" media=\"all\" \/> \t\t\t\t\t\t<div class=\"wd-post-date wd-style-with-bg\">\n\t\t\t\t<span class=\"post-date-day\">\n\t\t\t\t\t25\t\t\t\t<\/span>\n\t\t\t\t<span class=\"post-date-month\">\n\t\t\t\t\tmai\t\t\t\t<\/span>\n\t\t\t<\/div>\n\t\t\t\t\t\t\t\t\t<\/div>\n\t\t\n\t\t<div class=\"wd-post-content article-body-container\">\n\t\t\t\t\t\t\t<div class=\"wd-post-cat wd-style-with-bg meta-post-categories\">\n\t\t\t\t\t<a href=\"https:\/\/huseierforening.no\/category\/skatt\/\" rel=\"category tag\">Skatt<\/a>\t\t\t\t<\/div>\n\t\t\t\n\t\t\t\t\t\t\t<h3 class=\"wd-post-title wd-entities-title title post-title\">\n\t\t\t\t\t<a href=\"https:\/\/huseierforening.no\/skattepliktig-boligsalg\/\" rel=\"bookmark\">Skattepliktig boligsalg<\/a>\n\t\t\t\t<\/h3>\n\t\t\t\n\t\t\t\t\t\t\t<div class=\"wd-post-meta\">\n\t\t\t\t\t\t\t\t\t\t\t\t\t<link rel=\"stylesheet\" id=\"wd-blog-mod-author-css\" href=\"https:\/\/huseierforening.no\/wp-content\/themes\/woodmart\/css\/parts\/blog-mod-author.min.css?ver=8.2.7\" type=\"text\/css\" media=\"all\" \/> \t\t\t\t\t\t\t\t<div class=\"wd-post-author\">\n\t\t\t\t\t\t\t\t\t\t\t<span>Publisert av<\/span>\n\t\t\n\t\t\t\t\t<img alt='author-avatar' src='https:\/\/secure.gravatar.com\/avatar\/c42b6a3996510724487a7a7b8461ec531a8faefb0b718109d575f477d406d4b5?s=18&#038;d=mm&#038;r=g' srcset='https:\/\/secure.gravatar.com\/avatar\/c42b6a3996510724487a7a7b8461ec531a8faefb0b718109d575f477d406d4b5?s=36&#038;d=mm&#038;r=g 2x' class='avatar avatar-18 photo' height='18' width='18' decoding='async'\/>\t\t\n\t\t\t\t\t<a href=\"https:\/\/huseierforening.no\/author\/juriks\/\" class=\"author\" rel=\"author\">Bergen Huseierforening<\/a>\n\t\t\t\t\t\t\t\t\t<\/div>\n\t\t\t\t\t<div class=\"wd-modified-date\">\n\t\t\t\t\t\t\t\t<time class=\"updated\" datetime=\"2025-11-18T11:45:00+02:00\">\n\t\t\t18. november 2025\t\t<\/time>\n\t\t\t\t\t\t\t<\/div>\n\n\t\t\t\t\t\t\t\t\t\t\t<div class=\"wd-post-share wd-tltp\">\n\t\t\t\t\t\t\t<div class=\"tooltip top\">\n\t\t\t\t\t\t\t\t<div class=\"tooltip-inner\">\n\t\t\t\t\t\t\t\t\t\t\t\t<link rel=\"stylesheet\" id=\"wd-social-icons-css\" href=\"https:\/\/huseierforening.no\/wp-content\/themes\/woodmart\/css\/parts\/el-social-icons.min.css?ver=8.2.7\" type=\"text\/css\" media=\"all\" \/> \t\t\t\t\t\t<div\n\t\t\t\t\t\tclass=\" wd-social-icons  wd-style-default wd-size-small social-share wd-shape-circle color-scheme-light text-center\">\n\t\t\t\t\n\t\t\t\t\n\t\t\t\t\t\t\t\t\t<a rel=\"noopener noreferrer nofollow\" href=\"https:\/\/www.facebook.com\/sharer\/sharer.php?u=https:\/\/huseierforening.no\/aktuelt\/\" target=\"_blank\" class=\" wd-social-icon social-facebook\" aria-label=\"Facebook social link\">\n\t\t\t\t\t\t<span class=\"wd-icon\"><\/span>\n\t\t\t\t\t\t\t\t\t\t\t<\/a>\n\t\t\t\t\n\t\t\t\t\t\t\t\t\t<a rel=\"noopener noreferrer nofollow\" href=\"https:\/\/x.com\/share?url=https:\/\/huseierforening.no\/aktuelt\/\" target=\"_blank\" class=\" wd-social-icon social-twitter\" aria-label=\"X social link\">\n\t\t\t\t\t\t<span class=\"wd-icon\"><\/span>\n\t\t\t\t\t\t\t\t\t\t\t<\/a>\n\t\t\t\t\n\t\t\t\t\n\t\t\t\t\t\t\t\t\t<a rel=\"noopener noreferrer nofollow\" href=\"mailto:?subject=Check%20this%20https:\/\/huseierforening.no\/aktuelt\/\" target=\"_blank\" class=\" wd-social-icon social-email\" aria-label=\"Email social link\">\n\t\t\t\t\t\t<span class=\"wd-icon\"><\/span>\n\t\t\t\t\t\t\t\t\t\t\t<\/a>\n\t\t\t\t\n\t\t\t\t\n\t\t\t\t\n\t\t\t\t\n\t\t\t\t\n\t\t\t\t\n\t\t\t\t\t\t\t\t\t<a rel=\"noopener noreferrer nofollow\" href=\"https:\/\/www.linkedin.com\/shareArticle?mini=true&url=https:\/\/huseierforening.no\/aktuelt\/\" target=\"_blank\" class=\" wd-social-icon social-linkedin\" aria-label=\"Linkedin social link\">\n\t\t\t\t\t\t<span class=\"wd-icon\"><\/span>\n\t\t\t\t\t\t\t\t\t\t\t<\/a>\n\t\t\t\t\n\t\t\t\t\n\t\t\t\t\n\t\t\t\t\n\t\t\t\t\n\t\t\t\t\n\t\t\t\t\n\t\t\t\t\n\t\t\t\t\n\t\t\t\t\n\t\t\t\t\n\t\t\t\t\n\t\t\t\t\n\t\t\t\t\n\t\t\t\t\n\t\t\t\t\n\t\t\t\t\n\t\t\t<\/div>\n\n\t\t\t\t\t\t\t\t\t\t<\/div>\n\t\t\t\t\t\t\t\t<div class=\"tooltip-arrow\"><\/div>\n\t\t\t\t\t\t\t<\/div>\n\t\t\t\t\t\t<\/div>\n\t\t\t\t\t\n\t\t\t\t\t\t\t\t\t<\/div>\n\t\t\t\n\t\t\t\t\t\t\t\t\t\t\t\t<div class=\"wd-post-excerpt entry-content\">\n\t\t\t\t\t\tHovedregelen i skatteretten er at gevinst er skattepliktig. Det gjelder ogs\u00e5 for bolig \u2013 n\u00e5r man selger en bolig man ikke har bodd i eller en tomt. I ...\t\t\t\t\t<\/div>\n\t\t\t\t\n\t\t\t\t\t\t\t\t\t\t\t\t\t\t<div class=\"wd-post-read-more wd-style-link read-more-section\">\n\t\t\t\t\t\t<a class=\"\" href=\"https:\/\/huseierforening.no\/skattepliktig-boligsalg\/\">Les mer<\/a>\t\t\t\t\t<\/div>\n\t\t\t\t\t\t\t\t\t\t\t\t\t<\/div>\n\t<\/div>\n<\/article>\n\n\t\t\t\t\t\t\t\t\t\t\t\n<article id=\"post-13330\" class=\"wd-post blog-design-masonry blog-post-loop blog-style-bg wd-add-shadow wd-col post-13330 post type-post status-publish format-standard has-post-thumbnail hentry category-skatt tag-boligverdi tag-formue tag-formuesverdi tag-ligningsverdi tag-skattemelding\">\n\t<div class=\"wd-post-inner article-inner\">\n\t\t\t\t\t<div class=\"wd-post-thumb entry-header\">\n\t\t\t\t\t\t\t\t\t<div class=\"wd-post-img post-img-wrapp\">\n\t\t\t\t\t\t<img width=\"1024\" height=\"683\" src=\"https:\/\/huseierforening.no\/wp-content\/uploads\/2021\/05\/IMG_9323-scaled-e1696592235612-1024x683.webp\" class=\"attachment-large size-large\" alt=\"Bolig som formuesobjekt\" decoding=\"async\" srcset=\"https:\/\/huseierforening.no\/wp-content\/uploads\/2021\/05\/IMG_9323-scaled-e1696592235612-1024x683.webp 1024w, https:\/\/huseierforening.no\/wp-content\/uploads\/2021\/05\/IMG_9323-scaled-e1696592235612-300x200.webp 300w, https:\/\/huseierforening.no\/wp-content\/uploads\/2021\/05\/IMG_9323-scaled-e1696592235612-768x512.webp 768w, https:\/\/huseierforening.no\/wp-content\/uploads\/2021\/05\/IMG_9323-scaled-e1696592235612-1536x1024.webp 1536w, https:\/\/huseierforening.no\/wp-content\/uploads\/2021\/05\/IMG_9323-scaled-e1696592235612-2048x1365.webp 2048w, https:\/\/huseierforening.no\/wp-content\/uploads\/2021\/05\/IMG_9323-scaled-e1696592235612-1000x667.webp 1000w, https:\/\/huseierforening.no\/wp-content\/uploads\/2021\/05\/IMG_9323-scaled-e1696592235612-150x100.webp 150w\" sizes=\"(max-width: 1024px) 100vw, 1024px\" \/>\t\t\t\t\t<\/div>\n\t\t\t\t\t<a class=\"wd-fill\" href=\"https:\/\/huseierforening.no\/bolig-som-formuesobjekt\/\"><\/a>\n\t\t\t\t\n\t\t\t\t\t\t\t\t\t\t\t\t<div class=\"wd-post-date wd-style-with-bg\">\n\t\t\t\t<span class=\"post-date-day\">\n\t\t\t\t\t25\t\t\t\t<\/span>\n\t\t\t\t<span class=\"post-date-month\">\n\t\t\t\t\tmai\t\t\t\t<\/span>\n\t\t\t<\/div>\n\t\t\t\t\t\t\t\t\t<\/div>\n\t\t\n\t\t<div class=\"wd-post-content article-body-container\">\n\t\t\t\t\t\t\t<div class=\"wd-post-cat wd-style-with-bg meta-post-categories\">\n\t\t\t\t\t<a href=\"https:\/\/huseierforening.no\/category\/skatt\/\" rel=\"category tag\">Skatt<\/a>\t\t\t\t<\/div>\n\t\t\t\n\t\t\t\t\t\t\t<h3 class=\"wd-post-title wd-entities-title title post-title\">\n\t\t\t\t\t<a href=\"https:\/\/huseierforening.no\/bolig-som-formuesobjekt\/\" rel=\"bookmark\">Bolig som formuesobjekt<\/a>\n\t\t\t\t<\/h3>\n\t\t\t\n\t\t\t\t\t\t\t<div class=\"wd-post-meta\">\n\t\t\t\t\t\t\t\t\t\t\t\t\t\t\t<div class=\"wd-post-author\">\n\t\t\t\t\t\t\t\t\t\t\t<span>Publisert av<\/span>\n\t\t\n\t\t\t\t\t<img alt='author-avatar' src='https:\/\/secure.gravatar.com\/avatar\/c42b6a3996510724487a7a7b8461ec531a8faefb0b718109d575f477d406d4b5?s=18&#038;d=mm&#038;r=g' srcset='https:\/\/secure.gravatar.com\/avatar\/c42b6a3996510724487a7a7b8461ec531a8faefb0b718109d575f477d406d4b5?s=36&#038;d=mm&#038;r=g 2x' class='avatar avatar-18 photo' height='18' width='18' loading='lazy' decoding='async'\/>\t\t\n\t\t\t\t\t<a href=\"https:\/\/huseierforening.no\/author\/juriks\/\" class=\"author\" rel=\"author\">Bergen Huseierforening<\/a>\n\t\t\t\t\t\t\t\t\t<\/div>\n\t\t\t\t\t<div class=\"wd-modified-date\">\n\t\t\t\t\t\t\t\t<time class=\"updated\" datetime=\"2023-05-25T14:11:59+02:00\">\n\t\t\t25. mai 2023\t\t<\/time>\n\t\t\t\t\t\t\t<\/div>\n\n\t\t\t\t\t\t\t\t\t\t\t<div class=\"wd-post-share wd-tltp\">\n\t\t\t\t\t\t\t<div class=\"tooltip top\">\n\t\t\t\t\t\t\t\t<div class=\"tooltip-inner\">\n\t\t\t\t\t\t\t\t\t\t\t\t<div\n\t\t\t\t\t\tclass=\" wd-social-icons  wd-style-default wd-size-small social-share wd-shape-circle color-scheme-light text-center\">\n\t\t\t\t\n\t\t\t\t\n\t\t\t\t\t\t\t\t\t<a rel=\"noopener noreferrer nofollow\" href=\"https:\/\/www.facebook.com\/sharer\/sharer.php?u=https:\/\/huseierforening.no\/aktuelt\/\" target=\"_blank\" class=\" wd-social-icon social-facebook\" aria-label=\"Facebook social link\">\n\t\t\t\t\t\t<span class=\"wd-icon\"><\/span>\n\t\t\t\t\t\t\t\t\t\t\t<\/a>\n\t\t\t\t\n\t\t\t\t\t\t\t\t\t<a rel=\"noopener noreferrer nofollow\" href=\"https:\/\/x.com\/share?url=https:\/\/huseierforening.no\/aktuelt\/\" target=\"_blank\" class=\" wd-social-icon social-twitter\" aria-label=\"X social link\">\n\t\t\t\t\t\t<span class=\"wd-icon\"><\/span>\n\t\t\t\t\t\t\t\t\t\t\t<\/a>\n\t\t\t\t\n\t\t\t\t\n\t\t\t\t\t\t\t\t\t<a rel=\"noopener noreferrer nofollow\" href=\"mailto:?subject=Check%20this%20https:\/\/huseierforening.no\/aktuelt\/\" target=\"_blank\" class=\" wd-social-icon social-email\" aria-label=\"Email social link\">\n\t\t\t\t\t\t<span class=\"wd-icon\"><\/span>\n\t\t\t\t\t\t\t\t\t\t\t<\/a>\n\t\t\t\t\n\t\t\t\t\n\t\t\t\t\n\t\t\t\t\n\t\t\t\t\n\t\t\t\t\n\t\t\t\t\t\t\t\t\t<a rel=\"noopener noreferrer nofollow\" href=\"https:\/\/www.linkedin.com\/shareArticle?mini=true&url=https:\/\/huseierforening.no\/aktuelt\/\" target=\"_blank\" class=\" wd-social-icon social-linkedin\" aria-label=\"Linkedin social link\">\n\t\t\t\t\t\t<span class=\"wd-icon\"><\/span>\n\t\t\t\t\t\t\t\t\t\t\t<\/a>\n\t\t\t\t\n\t\t\t\t\n\t\t\t\t\n\t\t\t\t\n\t\t\t\t\n\t\t\t\t\n\t\t\t\t\n\t\t\t\t\n\t\t\t\t\n\t\t\t\t\n\t\t\t\t\n\t\t\t\t\n\t\t\t\t\n\t\t\t\t\n\t\t\t\t\n\t\t\t\t\n\t\t\t\t\n\t\t\t<\/div>\n\n\t\t\t\t\t\t\t\t\t\t<\/div>\n\t\t\t\t\t\t\t\t<div class=\"tooltip-arrow\"><\/div>\n\t\t\t\t\t\t\t<\/div>\n\t\t\t\t\t\t<\/div>\n\t\t\t\t\t\n\t\t\t\t\t\t\t\t\t<\/div>\n\t\t\t\n\t\t\t\t\t\t\t\t\t\t\t\t<div class=\"wd-post-excerpt entry-content\">\n\t\t\t\t\t\tFormue i fast eiendom (bolig- og fritidseiendom) er skattepliktig enten eiendommen ligger i Norge eller i utlandet n\u00e5r du er bosatt i, og skatteplikti...\t\t\t\t\t<\/div>\n\t\t\t\t\n\t\t\t\t\t\t\t\t\t\t\t\t\t\t<div class=\"wd-post-read-more wd-style-link read-more-section\">\n\t\t\t\t\t\t<a class=\"\" href=\"https:\/\/huseierforening.no\/bolig-som-formuesobjekt\/\">Les mer<\/a>\t\t\t\t\t<\/div>\n\t\t\t\t\t\t\t\t\t\t\t\t\t<\/div>\n\t<\/div>\n<\/article>\n\n\t\t\t\t\t\t\t\t\t\t\t\n<article id=\"post-5463\" class=\"wd-post blog-design-masonry blog-post-loop blog-style-bg wd-add-shadow wd-col post-5463 post type-post status-publish format-standard has-post-thumbnail hentry category-bergen tag-bergen tag-kulturminnefond tag-skiftertak tag-tak\">\n\t<div class=\"wd-post-inner article-inner\">\n\t\t\t\t\t<div class=\"wd-post-thumb entry-header\">\n\t\t\t\t\t\t\t\t\t<div class=\"wd-post-img post-img-wrapp\">\n\t\t\t\t\t\t<img width=\"1024\" height=\"583\" src=\"https:\/\/huseierforening.no\/wp-content\/uploads\/2021\/05\/GOPR0672-scaled-e1622117168492-1024x583.jpg\" class=\"attachment-large size-large\" alt=\"\" decoding=\"async\" loading=\"lazy\" srcset=\"https:\/\/huseierforening.no\/wp-content\/uploads\/2021\/05\/GOPR0672-scaled-e1622117168492-1024x583.jpg 1024w, https:\/\/huseierforening.no\/wp-content\/uploads\/2021\/05\/GOPR0672-scaled-e1622117168492-150x85.jpg 150w, https:\/\/huseierforening.no\/wp-content\/uploads\/2021\/05\/GOPR0672-scaled-e1622117168492-1000x570.jpg 1000w, https:\/\/huseierforening.no\/wp-content\/uploads\/2021\/05\/GOPR0672-scaled-e1622117168492-300x171.jpg 300w, https:\/\/huseierforening.no\/wp-content\/uploads\/2021\/05\/GOPR0672-scaled-e1622117168492-768x438.jpg 768w, https:\/\/huseierforening.no\/wp-content\/uploads\/2021\/05\/GOPR0672-scaled-e1622117168492-1536x875.jpg 1536w, https:\/\/huseierforening.no\/wp-content\/uploads\/2021\/05\/GOPR0672-scaled-e1622117168492.jpg 1920w\" sizes=\"auto, (max-width: 1024px) 100vw, 1024px\" \/>\t\t\t\t\t<\/div>\n\t\t\t\t\t<a class=\"wd-fill\" href=\"https:\/\/huseierforening.no\/stotte-til-skifte-av-skifertak\/\"><\/a>\n\t\t\t\t\n\t\t\t\t\t\t\t\t\t\t\t\t<div class=\"wd-post-date wd-style-with-bg\">\n\t\t\t\t<span class=\"post-date-day\">\n\t\t\t\t\t22\t\t\t\t<\/span>\n\t\t\t\t<span class=\"post-date-month\">\n\t\t\t\t\tmai\t\t\t\t<\/span>\n\t\t\t<\/div>\n\t\t\t\t\t\t\t\t\t<\/div>\n\t\t\n\t\t<div class=\"wd-post-content article-body-container\">\n\t\t\t\t\t\t\t<div class=\"wd-post-cat wd-style-with-bg meta-post-categories\">\n\t\t\t\t\t<a href=\"https:\/\/huseierforening.no\/category\/bergen\/\" rel=\"category tag\">Bergen<\/a>\t\t\t\t<\/div>\n\t\t\t\n\t\t\t\t\t\t\t<h3 class=\"wd-post-title wd-entities-title title post-title\">\n\t\t\t\t\t<a href=\"https:\/\/huseierforening.no\/stotte-til-skifte-av-skifertak\/\" rel=\"bookmark\">St\u00f8tte til skifte av skifertak<\/a>\n\t\t\t\t<\/h3>\n\t\t\t\n\t\t\t\t\t\t\t<div class=\"wd-post-meta\">\n\t\t\t\t\t\t\t\t\t\t\t\t\t\t\t<div class=\"wd-post-author\">\n\t\t\t\t\t\t\t\t\t\t\t<span>Publisert av<\/span>\n\t\t\n\t\t\t\t\t<img alt='author-avatar' src='https:\/\/secure.gravatar.com\/avatar\/c42b6a3996510724487a7a7b8461ec531a8faefb0b718109d575f477d406d4b5?s=18&#038;d=mm&#038;r=g' srcset='https:\/\/secure.gravatar.com\/avatar\/c42b6a3996510724487a7a7b8461ec531a8faefb0b718109d575f477d406d4b5?s=36&#038;d=mm&#038;r=g 2x' class='avatar avatar-18 photo' height='18' width='18' loading='lazy' decoding='async'\/>\t\t\n\t\t\t\t\t<a href=\"https:\/\/huseierforening.no\/author\/juriks\/\" class=\"author\" rel=\"author\">Bergen Huseierforening<\/a>\n\t\t\t\t\t\t\t\t\t<\/div>\n\t\t\t\t\t<div class=\"wd-modified-date\">\n\t\t\t\t\t\t\t\t<time class=\"updated\" datetime=\"2023-03-28T17:22:19+02:00\">\n\t\t\t28. mars 2023\t\t<\/time>\n\t\t\t\t\t\t\t<\/div>\n\n\t\t\t\t\t\t\t\t\t\t\t<div class=\"wd-post-share wd-tltp\">\n\t\t\t\t\t\t\t<div class=\"tooltip top\">\n\t\t\t\t\t\t\t\t<div class=\"tooltip-inner\">\n\t\t\t\t\t\t\t\t\t\t\t\t<div\n\t\t\t\t\t\tclass=\" wd-social-icons  wd-style-default wd-size-small social-share wd-shape-circle color-scheme-light text-center\">\n\t\t\t\t\n\t\t\t\t\n\t\t\t\t\t\t\t\t\t<a rel=\"noopener noreferrer nofollow\" href=\"https:\/\/www.facebook.com\/sharer\/sharer.php?u=https:\/\/huseierforening.no\/aktuelt\/\" target=\"_blank\" class=\" wd-social-icon social-facebook\" aria-label=\"Facebook social link\">\n\t\t\t\t\t\t<span class=\"wd-icon\"><\/span>\n\t\t\t\t\t\t\t\t\t\t\t<\/a>\n\t\t\t\t\n\t\t\t\t\t\t\t\t\t<a rel=\"noopener noreferrer nofollow\" href=\"https:\/\/x.com\/share?url=https:\/\/huseierforening.no\/aktuelt\/\" target=\"_blank\" class=\" wd-social-icon social-twitter\" aria-label=\"X social link\">\n\t\t\t\t\t\t<span class=\"wd-icon\"><\/span>\n\t\t\t\t\t\t\t\t\t\t\t<\/a>\n\t\t\t\t\n\t\t\t\t\n\t\t\t\t\t\t\t\t\t<a rel=\"noopener noreferrer nofollow\" href=\"mailto:?subject=Check%20this%20https:\/\/huseierforening.no\/aktuelt\/\" target=\"_blank\" class=\" wd-social-icon social-email\" aria-label=\"Email social link\">\n\t\t\t\t\t\t<span class=\"wd-icon\"><\/span>\n\t\t\t\t\t\t\t\t\t\t\t<\/a>\n\t\t\t\t\n\t\t\t\t\n\t\t\t\t\n\t\t\t\t\n\t\t\t\t\n\t\t\t\t\n\t\t\t\t\t\t\t\t\t<a rel=\"noopener noreferrer nofollow\" href=\"https:\/\/www.linkedin.com\/shareArticle?mini=true&url=https:\/\/huseierforening.no\/aktuelt\/\" target=\"_blank\" class=\" wd-social-icon social-linkedin\" aria-label=\"Linkedin social link\">\n\t\t\t\t\t\t<span class=\"wd-icon\"><\/span>\n\t\t\t\t\t\t\t\t\t\t\t<\/a>\n\t\t\t\t\n\t\t\t\t\n\t\t\t\t\n\t\t\t\t\n\t\t\t\t\n\t\t\t\t\n\t\t\t\t\n\t\t\t\t\n\t\t\t\t\n\t\t\t\t\n\t\t\t\t\n\t\t\t\t\n\t\t\t\t\n\t\t\t\t\n\t\t\t\t\n\t\t\t\t\n\t\t\t\t\n\t\t\t<\/div>\n\n\t\t\t\t\t\t\t\t\t\t<\/div>\n\t\t\t\t\t\t\t\t<div class=\"tooltip-arrow\"><\/div>\n\t\t\t\t\t\t\t<\/div>\n\t\t\t\t\t\t<\/div>\n\t\t\t\t\t\n\t\t\t\t\t\t\t\t\t<\/div>\n\t\t\t\n\t\t\t\t\t\t\t\t\t\t\t\t<div class=\"wd-post-excerpt entry-content\">\n\t\t\t\t\t\t\u2013 Skifertakene i Bergen er snart utrydningstruet. De forsvinner fra de bergenske tak i stor fart, sier Martin Christensen. Han er overarkitekt i Plan-...\t\t\t\t\t<\/div>\n\t\t\t\t\n\t\t\t\t\t\t\t\t\t\t\t\t\t\t<div class=\"wd-post-read-more wd-style-link read-more-section\">\n\t\t\t\t\t\t<a class=\"\" href=\"https:\/\/huseierforening.no\/stotte-til-skifte-av-skifertak\/\">Les mer<\/a>\t\t\t\t\t<\/div>\n\t\t\t\t\t\t\t\t\t\t\t\t\t<\/div>\n\t<\/div>\n<\/article>\n\n\t\t\t\t\t\t\t\t\t\t\t\n<article id=\"post-5428\" class=\"wd-post blog-design-masonry blog-post-loop blog-style-bg wd-add-shadow wd-col post-5428 post type-post status-publish format-standard has-post-thumbnail hentry category-bergen tag-bergen tag-berlin tag-husleieregulering tag-leieprisregulering tag-utleie\">\n\t<div class=\"wd-post-inner article-inner\">\n\t\t\t\t\t<div class=\"wd-post-thumb entry-header\">\n\t\t\t\t\t\t\t\t\t<div class=\"wd-post-img post-img-wrapp\">\n\t\t\t\t\t\t<img width=\"1024\" height=\"576\" src=\"https:\/\/huseierforening.no\/wp-content\/uploads\/2021\/05\/DSCN2423-6-1024x576.jpg\" class=\"attachment-large size-large\" alt=\"\" decoding=\"async\" loading=\"lazy\" srcset=\"https:\/\/huseierforening.no\/wp-content\/uploads\/2021\/05\/DSCN2423-6-1024x576.jpg 1024w, https:\/\/huseierforening.no\/wp-content\/uploads\/2021\/05\/DSCN2423-6-scaled-150x84.jpg 150w, https:\/\/huseierforening.no\/wp-content\/uploads\/2021\/05\/DSCN2423-6-scaled-1000x563.jpg 1000w, https:\/\/huseierforening.no\/wp-content\/uploads\/2021\/05\/DSCN2423-6-300x169.jpg 300w, https:\/\/huseierforening.no\/wp-content\/uploads\/2021\/05\/DSCN2423-6-768x432.jpg 768w, https:\/\/huseierforening.no\/wp-content\/uploads\/2021\/05\/DSCN2423-6-1536x864.jpg 1536w, https:\/\/huseierforening.no\/wp-content\/uploads\/2021\/05\/DSCN2423-6-2048x1152.jpg 2048w\" sizes=\"auto, (max-width: 1024px) 100vw, 1024px\" \/>\t\t\t\t\t<\/div>\n\t\t\t\t\t<a class=\"wd-fill\" href=\"https:\/\/huseierforening.no\/nytt-leserinnlegg-ikke-gjor-som-berlin\/\"><\/a>\n\t\t\t\t\n\t\t\t\t\t\t\t\t\t\t\t\t<div class=\"wd-post-date wd-style-with-bg\">\n\t\t\t\t<span class=\"post-date-day\">\n\t\t\t\t\t03\t\t\t\t<\/span>\n\t\t\t\t<span class=\"post-date-month\">\n\t\t\t\t\tmai\t\t\t\t<\/span>\n\t\t\t<\/div>\n\t\t\t\t\t\t\t\t\t<\/div>\n\t\t\n\t\t<div class=\"wd-post-content article-body-container\">\n\t\t\t\t\t\t\t<div class=\"wd-post-cat wd-style-with-bg meta-post-categories\">\n\t\t\t\t\t<a href=\"https:\/\/huseierforening.no\/category\/bergen\/\" rel=\"category tag\">Bergen<\/a>\t\t\t\t<\/div>\n\t\t\t\n\t\t\t\t\t\t\t<h3 class=\"wd-post-title wd-entities-title title post-title\">\n\t\t\t\t\t<a href=\"https:\/\/huseierforening.no\/nytt-leserinnlegg-ikke-gjor-som-berlin\/\" rel=\"bookmark\">Nytt leserinnlegg: Ikke gj\u00f8r som Berlin<\/a>\n\t\t\t\t<\/h3>\n\t\t\t\n\t\t\t\t\t\t\t<div class=\"wd-post-meta\">\n\t\t\t\t\t\t\t\t\t\t\t\t\t\t\t<div class=\"wd-post-author\">\n\t\t\t\t\t\t\t\t\t\t\t<span>Publisert av<\/span>\n\t\t\n\t\t\t\t\t<img alt='author-avatar' src='https:\/\/secure.gravatar.com\/avatar\/c42b6a3996510724487a7a7b8461ec531a8faefb0b718109d575f477d406d4b5?s=18&#038;d=mm&#038;r=g' srcset='https:\/\/secure.gravatar.com\/avatar\/c42b6a3996510724487a7a7b8461ec531a8faefb0b718109d575f477d406d4b5?s=36&#038;d=mm&#038;r=g 2x' class='avatar avatar-18 photo' height='18' width='18' loading='lazy' decoding='async'\/>\t\t\n\t\t\t\t\t<a href=\"https:\/\/huseierforening.no\/author\/juriks\/\" class=\"author\" rel=\"author\">Bergen Huseierforening<\/a>\n\t\t\t\t\t\t\t\t\t<\/div>\n\t\t\t\t\t<div class=\"wd-modified-date\">\n\t\t\t\t\t\t\t\t<time class=\"updated\" datetime=\"2023-03-28T17:22:49+02:00\">\n\t\t\t28. mars 2023\t\t<\/time>\n\t\t\t\t\t\t\t<\/div>\n\n\t\t\t\t\t\t\t\t\t\t\t<div class=\"wd-post-share wd-tltp\">\n\t\t\t\t\t\t\t<div class=\"tooltip top\">\n\t\t\t\t\t\t\t\t<div class=\"tooltip-inner\">\n\t\t\t\t\t\t\t\t\t\t\t\t<div\n\t\t\t\t\t\tclass=\" wd-social-icons  wd-style-default wd-size-small social-share wd-shape-circle color-scheme-light text-center\">\n\t\t\t\t\n\t\t\t\t\n\t\t\t\t\t\t\t\t\t<a rel=\"noopener noreferrer nofollow\" href=\"https:\/\/www.facebook.com\/sharer\/sharer.php?u=https:\/\/huseierforening.no\/aktuelt\/\" target=\"_blank\" class=\" wd-social-icon social-facebook\" aria-label=\"Facebook social link\">\n\t\t\t\t\t\t<span class=\"wd-icon\"><\/span>\n\t\t\t\t\t\t\t\t\t\t\t<\/a>\n\t\t\t\t\n\t\t\t\t\t\t\t\t\t<a rel=\"noopener noreferrer nofollow\" href=\"https:\/\/x.com\/share?url=https:\/\/huseierforening.no\/aktuelt\/\" target=\"_blank\" class=\" wd-social-icon social-twitter\" aria-label=\"X social link\">\n\t\t\t\t\t\t<span class=\"wd-icon\"><\/span>\n\t\t\t\t\t\t\t\t\t\t\t<\/a>\n\t\t\t\t\n\t\t\t\t\n\t\t\t\t\t\t\t\t\t<a rel=\"noopener noreferrer nofollow\" href=\"mailto:?subject=Check%20this%20https:\/\/huseierforening.no\/aktuelt\/\" target=\"_blank\" class=\" wd-social-icon social-email\" aria-label=\"Email social link\">\n\t\t\t\t\t\t<span class=\"wd-icon\"><\/span>\n\t\t\t\t\t\t\t\t\t\t\t<\/a>\n\t\t\t\t\n\t\t\t\t\n\t\t\t\t\n\t\t\t\t\n\t\t\t\t\n\t\t\t\t\n\t\t\t\t\t\t\t\t\t<a rel=\"noopener noreferrer nofollow\" href=\"https:\/\/www.linkedin.com\/shareArticle?mini=true&url=https:\/\/huseierforening.no\/aktuelt\/\" target=\"_blank\" class=\" wd-social-icon social-linkedin\" aria-label=\"Linkedin social link\">\n\t\t\t\t\t\t<span class=\"wd-icon\"><\/span>\n\t\t\t\t\t\t\t\t\t\t\t<\/a>\n\t\t\t\t\n\t\t\t\t\n\t\t\t\t\n\t\t\t\t\n\t\t\t\t\n\t\t\t\t\n\t\t\t\t\n\t\t\t\t\n\t\t\t\t\n\t\t\t\t\n\t\t\t\t\n\t\t\t\t\n\t\t\t\t\n\t\t\t\t\n\t\t\t\t\n\t\t\t\t\n\t\t\t\t\n\t\t\t<\/div>\n\n\t\t\t\t\t\t\t\t\t\t<\/div>\n\t\t\t\t\t\t\t\t<div class=\"tooltip-arrow\"><\/div>\n\t\t\t\t\t\t\t<\/div>\n\t\t\t\t\t\t<\/div>\n\t\t\t\t\t\n\t\t\t\t\t\t\t\t\t<\/div>\n\t\t\t\n\t\t\t\t\t\t\t\t\t\t\t\t<div class=\"wd-post-excerpt entry-content\">\n\t\t\t\t\t\tBystyrerepresentant Andreas Madsen Berg fra SV argumenterer i BT 26. april for at Bergen b\u00f8r gj\u00f8re som Berlin og regulere prisene i leiemarkedet. I Be...\t\t\t\t\t<\/div>\n\t\t\t\t\n\t\t\t\t\t\t\t\t\t\t\t\t\t\t<div class=\"wd-post-read-more wd-style-link read-more-section\">\n\t\t\t\t\t\t<a class=\"\" href=\"https:\/\/huseierforening.no\/nytt-leserinnlegg-ikke-gjor-som-berlin\/\">Les mer<\/a>\t\t\t\t\t<\/div>\n\t\t\t\t\t\t\t\t\t\t\t\t\t<\/div>\n\t<\/div>\n<\/article>\n\n\t\t\t\t\t\t\t\t\t\t\t\n<article id=\"post-5360\" class=\"wd-post blog-design-masonry blog-post-loop blog-style-bg wd-add-shadow wd-col post-5360 post type-post status-publish format-standard has-post-thumbnail hentry category-skatt tag-bolig tag-eget-arbeid tag-flerboligbygg tag-formuesverdi tag-fradrag-for-eget-arbeid tag-fritakslignet tag-fritidsbolig tag-regnskapspliktig tag-skatt tag-skattemelding tag-skattetips tag-utleie\">\n\t<div class=\"wd-post-inner article-inner\">\n\t\t\t\t\t<div class=\"wd-post-thumb entry-header\">\n\t\t\t\t\t\t\t\t\t<div class=\"wd-post-img post-img-wrapp\">\n\t\t\t\t\t\t<img width=\"1024\" height=\"576\" src=\"https:\/\/huseierforening.no\/wp-content\/uploads\/2021\/04\/OC-skagg-1024x576.jpg\" class=\"attachment-large size-large\" alt=\"skattesp\u00f8rsm\u00e5l\" decoding=\"async\" loading=\"lazy\" srcset=\"https:\/\/huseierforening.no\/wp-content\/uploads\/2021\/04\/OC-skagg-1024x576.jpg 1024w, https:\/\/huseierforening.no\/wp-content\/uploads\/2021\/04\/OC-skagg-150x84.jpg 150w, https:\/\/huseierforening.no\/wp-content\/uploads\/2021\/04\/OC-skagg-1000x563.jpg 1000w, https:\/\/huseierforening.no\/wp-content\/uploads\/2021\/04\/OC-skagg-300x169.jpg 300w, https:\/\/huseierforening.no\/wp-content\/uploads\/2021\/04\/OC-skagg-768x432.jpg 768w, https:\/\/huseierforening.no\/wp-content\/uploads\/2021\/04\/OC-skagg-1536x864.jpg 1536w, https:\/\/huseierforening.no\/wp-content\/uploads\/2021\/04\/OC-skagg-2048x1152.jpg 2048w\" sizes=\"auto, (max-width: 1024px) 100vw, 1024px\" \/>\t\t\t\t\t<\/div>\n\t\t\t\t\t<a class=\"wd-fill\" href=\"https:\/\/huseierforening.no\/videomote-om-boligskattsvar-pa-medlemmenes-skattesporsmal\/\"><\/a>\n\t\t\t\t\n\t\t\t\t\t\t\t\t\t\t\t\t<div class=\"wd-post-date wd-style-with-bg\">\n\t\t\t\t<span class=\"post-date-day\">\n\t\t\t\t\t12\t\t\t\t<\/span>\n\t\t\t\t<span class=\"post-date-month\">\n\t\t\t\t\tapr\t\t\t\t<\/span>\n\t\t\t<\/div>\n\t\t\t\t\t\t\t\t\t<\/div>\n\t\t\n\t\t<div class=\"wd-post-content article-body-container\">\n\t\t\t\t\t\t\t<div class=\"wd-post-cat wd-style-with-bg meta-post-categories\">\n\t\t\t\t\t<a href=\"https:\/\/huseierforening.no\/category\/skatt\/\" rel=\"category tag\">Skatt<\/a>\t\t\t\t<\/div>\n\t\t\t\n\t\t\t\t\t\t\t<h3 class=\"wd-post-title wd-entities-title title post-title\">\n\t\t\t\t\t<a href=\"https:\/\/huseierforening.no\/videomote-om-boligskattsvar-pa-medlemmenes-skattesporsmal\/\" rel=\"bookmark\">Svar p\u00e5 medlemmenes skattesp\u00f8rsm\u00e5l &#8211; oppdatert 22.04<\/a>\n\t\t\t\t<\/h3>\n\t\t\t\n\t\t\t\t\t\t\t<div class=\"wd-post-meta\">\n\t\t\t\t\t\t\t\t\t\t\t\t\t\t\t<div class=\"wd-post-author\">\n\t\t\t\t\t\t\t\t\t\t\t<span>Publisert av<\/span>\n\t\t\n\t\t\t\t\t<img alt='author-avatar' src='https:\/\/secure.gravatar.com\/avatar\/c42b6a3996510724487a7a7b8461ec531a8faefb0b718109d575f477d406d4b5?s=18&#038;d=mm&#038;r=g' srcset='https:\/\/secure.gravatar.com\/avatar\/c42b6a3996510724487a7a7b8461ec531a8faefb0b718109d575f477d406d4b5?s=36&#038;d=mm&#038;r=g 2x' class='avatar avatar-18 photo' height='18' width='18' loading='lazy' decoding='async'\/>\t\t\n\t\t\t\t\t<a href=\"https:\/\/huseierforening.no\/author\/juriks\/\" class=\"author\" rel=\"author\">Bergen Huseierforening<\/a>\n\t\t\t\t\t\t\t\t\t<\/div>\n\t\t\t\t\t<div class=\"wd-modified-date\">\n\t\t\t\t\t\t\t\t<time class=\"updated\" datetime=\"2023-03-28T17:23:41+02:00\">\n\t\t\t28. mars 2023\t\t<\/time>\n\t\t\t\t\t\t\t<\/div>\n\n\t\t\t\t\t\t\t\t\t\t\t<div class=\"wd-post-share wd-tltp\">\n\t\t\t\t\t\t\t<div class=\"tooltip top\">\n\t\t\t\t\t\t\t\t<div class=\"tooltip-inner\">\n\t\t\t\t\t\t\t\t\t\t\t\t<div\n\t\t\t\t\t\tclass=\" wd-social-icons  wd-style-default wd-size-small social-share wd-shape-circle color-scheme-light text-center\">\n\t\t\t\t\n\t\t\t\t\n\t\t\t\t\t\t\t\t\t<a rel=\"noopener noreferrer nofollow\" href=\"https:\/\/www.facebook.com\/sharer\/sharer.php?u=https:\/\/huseierforening.no\/aktuelt\/\" target=\"_blank\" class=\" wd-social-icon social-facebook\" aria-label=\"Facebook social link\">\n\t\t\t\t\t\t<span class=\"wd-icon\"><\/span>\n\t\t\t\t\t\t\t\t\t\t\t<\/a>\n\t\t\t\t\n\t\t\t\t\t\t\t\t\t<a rel=\"noopener noreferrer nofollow\" href=\"https:\/\/x.com\/share?url=https:\/\/huseierforening.no\/aktuelt\/\" target=\"_blank\" class=\" wd-social-icon social-twitter\" aria-label=\"X social link\">\n\t\t\t\t\t\t<span class=\"wd-icon\"><\/span>\n\t\t\t\t\t\t\t\t\t\t\t<\/a>\n\t\t\t\t\n\t\t\t\t\n\t\t\t\t\t\t\t\t\t<a rel=\"noopener noreferrer nofollow\" href=\"mailto:?subject=Check%20this%20https:\/\/huseierforening.no\/aktuelt\/\" target=\"_blank\" class=\" wd-social-icon social-email\" aria-label=\"Email social link\">\n\t\t\t\t\t\t<span class=\"wd-icon\"><\/span>\n\t\t\t\t\t\t\t\t\t\t\t<\/a>\n\t\t\t\t\n\t\t\t\t\n\t\t\t\t\n\t\t\t\t\n\t\t\t\t\n\t\t\t\t\n\t\t\t\t\t\t\t\t\t<a rel=\"noopener noreferrer nofollow\" href=\"https:\/\/www.linkedin.com\/shareArticle?mini=true&url=https:\/\/huseierforening.no\/aktuelt\/\" target=\"_blank\" class=\" wd-social-icon social-linkedin\" aria-label=\"Linkedin social link\">\n\t\t\t\t\t\t<span class=\"wd-icon\"><\/span>\n\t\t\t\t\t\t\t\t\t\t\t<\/a>\n\t\t\t\t\n\t\t\t\t\n\t\t\t\t\n\t\t\t\t\n\t\t\t\t\n\t\t\t\t\n\t\t\t\t\n\t\t\t\t\n\t\t\t\t\n\t\t\t\t\n\t\t\t\t\n\t\t\t\t\n\t\t\t\t\n\t\t\t\t\n\t\t\t\t\n\t\t\t\t\n\t\t\t\t\n\t\t\t<\/div>\n\n\t\t\t\t\t\t\t\t\t\t<\/div>\n\t\t\t\t\t\t\t\t<div class=\"tooltip-arrow\"><\/div>\n\t\t\t\t\t\t\t<\/div>\n\t\t\t\t\t\t<\/div>\n\t\t\t\t\t\n\t\t\t\t\t\t\t\t\t<\/div>\n\t\t\t\n\t\t\t\t\t\t\t\t\t\t\t\t<div class=\"wd-post-excerpt entry-content\">\n\t\t\t\t\t\t&nbsp;\r\n\r\n&nbsp;\r\n\r\nVideom\u00f8te om boligskatt. V\u00e5r skatteekspert gjennomg\u00e5r relevante medlemshenvendelser i anledning skattemeldingen. \r\n\r\nVi hjelper v\u00e5...\t\t\t\t\t<\/div>\n\t\t\t\t\n\t\t\t\t\t\t\t\t\t\t\t\t\t\t<div class=\"wd-post-read-more wd-style-link read-more-section\">\n\t\t\t\t\t\t<a class=\"\" href=\"https:\/\/huseierforening.no\/videomote-om-boligskattsvar-pa-medlemmenes-skattesporsmal\/\">Les mer<\/a>\t\t\t\t\t<\/div>\n\t\t\t\t\t\t\t\t\t\t\t\t\t<\/div>\n\t<\/div>\n<\/article>\n\n\t\t\t\t\t\t\t\t\t\t\t\n<article id=\"post-5350\" class=\"wd-post blog-design-masonry blog-post-loop blog-style-bg wd-add-shadow wd-col post-5350 post type-post status-publish format-standard has-post-thumbnail hentry category-utleie tag-endring tag-endring-av-lov tag-forbrukerradet tag-husleie tag-husleielov tag-husleietvist tag-lovendering tag-utleier\">\n\t<div class=\"wd-post-inner article-inner\">\n\t\t\t\t\t<div class=\"wd-post-thumb entry-header\">\n\t\t\t\t\t\t\t\t\t<div class=\"wd-post-img post-img-wrapp\">\n\t\t\t\t\t\t<img width=\"1024\" height=\"642\" src=\"https:\/\/huseierforening.no\/wp-content\/uploads\/2021\/04\/nylov-husleie-1024x642.jpg\" class=\"attachment-large size-large\" alt=\"\" decoding=\"async\" loading=\"lazy\" srcset=\"https:\/\/huseierforening.no\/wp-content\/uploads\/2021\/04\/nylov-husleie-1024x642.jpg 1024w, https:\/\/huseierforening.no\/wp-content\/uploads\/2021\/04\/nylov-husleie-scaled-150x94.jpg 150w, https:\/\/huseierforening.no\/wp-content\/uploads\/2021\/04\/nylov-husleie-scaled-1000x627.jpg 1000w, https:\/\/huseierforening.no\/wp-content\/uploads\/2021\/04\/nylov-husleie-300x188.jpg 300w, https:\/\/huseierforening.no\/wp-content\/uploads\/2021\/04\/nylov-husleie-768x482.jpg 768w, https:\/\/huseierforening.no\/wp-content\/uploads\/2021\/04\/nylov-husleie-1536x963.jpg 1536w, https:\/\/huseierforening.no\/wp-content\/uploads\/2021\/04\/nylov-husleie-2048x1284.jpg 2048w\" sizes=\"auto, (max-width: 1024px) 100vw, 1024px\" \/>\t\t\t\t\t<\/div>\n\t\t\t\t\t<a class=\"wd-fill\" href=\"https:\/\/huseierforening.no\/behov-for-endring-av-husleieloven\/\"><\/a>\n\t\t\t\t\n\t\t\t\t\t\t\t\t\t\t\t\t<div class=\"wd-post-date wd-style-with-bg\">\n\t\t\t\t<span class=\"post-date-day\">\n\t\t\t\t\t12\t\t\t\t<\/span>\n\t\t\t\t<span class=\"post-date-month\">\n\t\t\t\t\tapr\t\t\t\t<\/span>\n\t\t\t<\/div>\n\t\t\t\t\t\t\t\t\t<\/div>\n\t\t\n\t\t<div class=\"wd-post-content article-body-container\">\n\t\t\t\t\t\t\t<div class=\"wd-post-cat wd-style-with-bg meta-post-categories\">\n\t\t\t\t\t<a href=\"https:\/\/huseierforening.no\/category\/utleie\/\" rel=\"category tag\">Utleie<\/a>\t\t\t\t<\/div>\n\t\t\t\n\t\t\t\t\t\t\t<h3 class=\"wd-post-title wd-entities-title title post-title\">\n\t\t\t\t\t<a href=\"https:\/\/huseierforening.no\/behov-for-endring-av-husleieloven\/\" rel=\"bookmark\">Behov for endring av husleieloven?<\/a>\n\t\t\t\t<\/h3>\n\t\t\t\n\t\t\t\t\t\t\t<div class=\"wd-post-meta\">\n\t\t\t\t\t\t\t\t\t\t\t\t\t\t\t<div class=\"wd-post-author\">\n\t\t\t\t\t\t\t\t\t\t\t<span>Publisert av<\/span>\n\t\t\n\t\t\t\t\t<img alt='author-avatar' src='https:\/\/secure.gravatar.com\/avatar\/c42b6a3996510724487a7a7b8461ec531a8faefb0b718109d575f477d406d4b5?s=18&#038;d=mm&#038;r=g' srcset='https:\/\/secure.gravatar.com\/avatar\/c42b6a3996510724487a7a7b8461ec531a8faefb0b718109d575f477d406d4b5?s=36&#038;d=mm&#038;r=g 2x' class='avatar avatar-18 photo' height='18' width='18' loading='lazy' decoding='async'\/>\t\t\n\t\t\t\t\t<a href=\"https:\/\/huseierforening.no\/author\/juriks\/\" class=\"author\" rel=\"author\">Bergen Huseierforening<\/a>\n\t\t\t\t\t\t\t\t\t<\/div>\n\t\t\t\t\t<div class=\"wd-modified-date\">\n\t\t\t\t\t\t\t\t<time class=\"updated\" datetime=\"2023-03-28T17:24:38+02:00\">\n\t\t\t28. mars 2023\t\t<\/time>\n\t\t\t\t\t\t\t<\/div>\n\n\t\t\t\t\t\t\t\t\t\t\t<div class=\"wd-post-share wd-tltp\">\n\t\t\t\t\t\t\t<div class=\"tooltip top\">\n\t\t\t\t\t\t\t\t<div class=\"tooltip-inner\">\n\t\t\t\t\t\t\t\t\t\t\t\t<div\n\t\t\t\t\t\tclass=\" wd-social-icons  wd-style-default wd-size-small social-share wd-shape-circle color-scheme-light text-center\">\n\t\t\t\t\n\t\t\t\t\n\t\t\t\t\t\t\t\t\t<a rel=\"noopener noreferrer nofollow\" href=\"https:\/\/www.facebook.com\/sharer\/sharer.php?u=https:\/\/huseierforening.no\/aktuelt\/\" target=\"_blank\" class=\" wd-social-icon social-facebook\" aria-label=\"Facebook social link\">\n\t\t\t\t\t\t<span class=\"wd-icon\"><\/span>\n\t\t\t\t\t\t\t\t\t\t\t<\/a>\n\t\t\t\t\n\t\t\t\t\t\t\t\t\t<a rel=\"noopener noreferrer nofollow\" href=\"https:\/\/x.com\/share?url=https:\/\/huseierforening.no\/aktuelt\/\" target=\"_blank\" class=\" wd-social-icon social-twitter\" aria-label=\"X social link\">\n\t\t\t\t\t\t<span class=\"wd-icon\"><\/span>\n\t\t\t\t\t\t\t\t\t\t\t<\/a>\n\t\t\t\t\n\t\t\t\t\n\t\t\t\t\t\t\t\t\t<a rel=\"noopener noreferrer nofollow\" href=\"mailto:?subject=Check%20this%20https:\/\/huseierforening.no\/aktuelt\/\" target=\"_blank\" class=\" wd-social-icon social-email\" aria-label=\"Email social link\">\n\t\t\t\t\t\t<span class=\"wd-icon\"><\/span>\n\t\t\t\t\t\t\t\t\t\t\t<\/a>\n\t\t\t\t\n\t\t\t\t\n\t\t\t\t\n\t\t\t\t\n\t\t\t\t\n\t\t\t\t\n\t\t\t\t\t\t\t\t\t<a rel=\"noopener noreferrer nofollow\" href=\"https:\/\/www.linkedin.com\/shareArticle?mini=true&url=https:\/\/huseierforening.no\/aktuelt\/\" target=\"_blank\" class=\" wd-social-icon social-linkedin\" aria-label=\"Linkedin social link\">\n\t\t\t\t\t\t<span class=\"wd-icon\"><\/span>\n\t\t\t\t\t\t\t\t\t\t\t<\/a>\n\t\t\t\t\n\t\t\t\t\n\t\t\t\t\n\t\t\t\t\n\t\t\t\t\n\t\t\t\t\n\t\t\t\t\n\t\t\t\t\n\t\t\t\t\n\t\t\t\t\n\t\t\t\t\n\t\t\t\t\n\t\t\t\t\n\t\t\t\t\n\t\t\t\t\n\t\t\t\t\n\t\t\t\t\n\t\t\t<\/div>\n\n\t\t\t\t\t\t\t\t\t\t<\/div>\n\t\t\t\t\t\t\t\t<div class=\"tooltip-arrow\"><\/div>\n\t\t\t\t\t\t\t<\/div>\n\t\t\t\t\t\t<\/div>\n\t\t\t\t\t\n\t\t\t\t\t\t\t\t\t<\/div>\n\t\t\t\n\t\t\t\t\t\t\t\t\t\t\t\t<div class=\"wd-post-excerpt entry-content\">\n\t\t\t\t\t\tForbrukerr\u00e5det har gjennomf\u00f8rt en stor unders\u00f8kelse om leiemarkedet. Svarene de fikk st\u00f8tter Forbrukerr\u00e5dets oppfatning om at det er behov for \u00e5 revid...\t\t\t\t\t<\/div>\n\t\t\t\t\n\t\t\t\t\t\t\t\t\t\t\t\t\t\t<div class=\"wd-post-read-more wd-style-link read-more-section\">\n\t\t\t\t\t\t<a class=\"\" href=\"https:\/\/huseierforening.no\/behov-for-endring-av-husleieloven\/\">Les mer<\/a>\t\t\t\t\t<\/div>\n\t\t\t\t\t\t\t\t\t\t\t\t\t<\/div>\n\t<\/div>\n<\/article>\n\n\t\t\t\t\t\t\t\t\t\t\t\n<article id=\"post-5306\" class=\"wd-post blog-design-masonry blog-post-loop blog-style-bg wd-add-shadow wd-col post-5306 post type-post status-publish format-standard has-post-thumbnail hentry category-vedlikehold-oppussing-og-sikkerhet\">\n\t<div class=\"wd-post-inner article-inner\">\n\t\t\t\t\t<div class=\"wd-post-thumb entry-header\">\n\t\t\t\t\t\t\t\t\t<div class=\"wd-post-img post-img-wrapp\">\n\t\t\t\t\t\t<img width=\"1024\" height=\"683\" src=\"https:\/\/huseierforening.no\/wp-content\/uploads\/2021\/03\/IMG_0491-kopi-1024x683.jpg\" class=\"attachment-large size-large\" alt=\"\" decoding=\"async\" loading=\"lazy\" srcset=\"https:\/\/huseierforening.no\/wp-content\/uploads\/2021\/03\/IMG_0491-kopi-1024x683.jpg 1024w, https:\/\/huseierforening.no\/wp-content\/uploads\/2021\/03\/IMG_0491-kopi-scaled-150x100.jpg 150w, https:\/\/huseierforening.no\/wp-content\/uploads\/2021\/03\/IMG_0491-kopi-scaled-1000x667.jpg 1000w, https:\/\/huseierforening.no\/wp-content\/uploads\/2021\/03\/IMG_0491-kopi-300x200.jpg 300w, https:\/\/huseierforening.no\/wp-content\/uploads\/2021\/03\/IMG_0491-kopi-768x512.jpg 768w, https:\/\/huseierforening.no\/wp-content\/uploads\/2021\/03\/IMG_0491-kopi-1536x1024.jpg 1536w, https:\/\/huseierforening.no\/wp-content\/uploads\/2021\/03\/IMG_0491-kopi-2048x1365.jpg 2048w\" sizes=\"auto, (max-width: 1024px) 100vw, 1024px\" \/>\t\t\t\t\t<\/div>\n\t\t\t\t\t<a class=\"wd-fill\" href=\"https:\/\/huseierforening.no\/unnga-a-spre-helse-og-miljofarlige-stoffer-ved-fjerning-av-gammel-maling\/\"><\/a>\n\t\t\t\t\n\t\t\t\t\t\t\t\t\t\t\t\t<div class=\"wd-post-date wd-style-with-bg\">\n\t\t\t\t<span class=\"post-date-day\">\n\t\t\t\t\t15\t\t\t\t<\/span>\n\t\t\t\t<span class=\"post-date-month\">\n\t\t\t\t\tmar\t\t\t\t<\/span>\n\t\t\t<\/div>\n\t\t\t\t\t\t\t\t\t<\/div>\n\t\t\n\t\t<div class=\"wd-post-content article-body-container\">\n\t\t\t\t\t\t\t<div class=\"wd-post-cat wd-style-with-bg meta-post-categories\">\n\t\t\t\t\t<a href=\"https:\/\/huseierforening.no\/category\/vedlikehold-oppussing-og-sikkerhet\/\" rel=\"category tag\">Vedlikehold, oppussing og sikkerhet<\/a>\t\t\t\t<\/div>\n\t\t\t\n\t\t\t\t\t\t\t<h3 class=\"wd-post-title wd-entities-title title post-title\">\n\t\t\t\t\t<a href=\"https:\/\/huseierforening.no\/unnga-a-spre-helse-og-miljofarlige-stoffer-ved-fjerning-av-gammel-maling\/\" rel=\"bookmark\">Unng\u00e5 \u00e5 spre helse- og milj\u00f8farlige stoffer ved fjerning av gammel maling<\/a>\n\t\t\t\t<\/h3>\n\t\t\t\n\t\t\t\t\t\t\t<div class=\"wd-post-meta\">\n\t\t\t\t\t\t\t\t\t\t\t\t\t\t\t<div class=\"wd-post-author\">\n\t\t\t\t\t\t\t\t\t\t\t<span>Publisert av<\/span>\n\t\t\n\t\t\t\t\t<img alt='author-avatar' src='https:\/\/secure.gravatar.com\/avatar\/c42b6a3996510724487a7a7b8461ec531a8faefb0b718109d575f477d406d4b5?s=18&#038;d=mm&#038;r=g' srcset='https:\/\/secure.gravatar.com\/avatar\/c42b6a3996510724487a7a7b8461ec531a8faefb0b718109d575f477d406d4b5?s=36&#038;d=mm&#038;r=g 2x' class='avatar avatar-18 photo' height='18' width='18' loading='lazy' decoding='async'\/>\t\t\n\t\t\t\t\t<a href=\"https:\/\/huseierforening.no\/author\/juriks\/\" class=\"author\" rel=\"author\">Bergen Huseierforening<\/a>\n\t\t\t\t\t\t\t\t\t<\/div>\n\t\t\t\t\t<div class=\"wd-modified-date\">\n\t\t\t\t\t\t\t\t<time class=\"updated\" datetime=\"2025-11-18T15:49:00+02:00\">\n\t\t\t18. november 2025\t\t<\/time>\n\t\t\t\t\t\t\t<\/div>\n\n\t\t\t\t\t\t\t\t\t\t\t<div class=\"wd-post-share wd-tltp\">\n\t\t\t\t\t\t\t<div class=\"tooltip top\">\n\t\t\t\t\t\t\t\t<div class=\"tooltip-inner\">\n\t\t\t\t\t\t\t\t\t\t\t\t<div\n\t\t\t\t\t\tclass=\" wd-social-icons  wd-style-default wd-size-small social-share wd-shape-circle color-scheme-light text-center\">\n\t\t\t\t\n\t\t\t\t\n\t\t\t\t\t\t\t\t\t<a rel=\"noopener noreferrer nofollow\" href=\"https:\/\/www.facebook.com\/sharer\/sharer.php?u=https:\/\/huseierforening.no\/aktuelt\/\" target=\"_blank\" class=\" wd-social-icon social-facebook\" aria-label=\"Facebook social link\">\n\t\t\t\t\t\t<span class=\"wd-icon\"><\/span>\n\t\t\t\t\t\t\t\t\t\t\t<\/a>\n\t\t\t\t\n\t\t\t\t\t\t\t\t\t<a rel=\"noopener noreferrer nofollow\" href=\"https:\/\/x.com\/share?url=https:\/\/huseierforening.no\/aktuelt\/\" target=\"_blank\" class=\" wd-social-icon social-twitter\" aria-label=\"X social link\">\n\t\t\t\t\t\t<span class=\"wd-icon\"><\/span>\n\t\t\t\t\t\t\t\t\t\t\t<\/a>\n\t\t\t\t\n\t\t\t\t\n\t\t\t\t\t\t\t\t\t<a rel=\"noopener noreferrer nofollow\" href=\"mailto:?subject=Check%20this%20https:\/\/huseierforening.no\/aktuelt\/\" target=\"_blank\" class=\" wd-social-icon social-email\" aria-label=\"Email social link\">\n\t\t\t\t\t\t<span class=\"wd-icon\"><\/span>\n\t\t\t\t\t\t\t\t\t\t\t<\/a>\n\t\t\t\t\n\t\t\t\t\n\t\t\t\t\n\t\t\t\t\n\t\t\t\t\n\t\t\t\t\n\t\t\t\t\t\t\t\t\t<a rel=\"noopener noreferrer nofollow\" href=\"https:\/\/www.linkedin.com\/shareArticle?mini=true&url=https:\/\/huseierforening.no\/aktuelt\/\" target=\"_blank\" class=\" wd-social-icon social-linkedin\" aria-label=\"Linkedin social link\">\n\t\t\t\t\t\t<span class=\"wd-icon\"><\/span>\n\t\t\t\t\t\t\t\t\t\t\t<\/a>\n\t\t\t\t\n\t\t\t\t\n\t\t\t\t\n\t\t\t\t\n\t\t\t\t\n\t\t\t\t\n\t\t\t\t\n\t\t\t\t\n\t\t\t\t\n\t\t\t\t\n\t\t\t\t\n\t\t\t\t\n\t\t\t\t\n\t\t\t\t\n\t\t\t\t\n\t\t\t\t\n\t\t\t\t\n\t\t\t<\/div>\n\n\t\t\t\t\t\t\t\t\t\t<\/div>\n\t\t\t\t\t\t\t\t<div class=\"tooltip-arrow\"><\/div>\n\t\t\t\t\t\t\t<\/div>\n\t\t\t\t\t\t<\/div>\n\t\t\t\t\t\n\t\t\t\t\t\t\t\t\t<\/div>\n\t\t\t\n\t\t\t\t\t\t\t\t\t\t\t\t<div class=\"wd-post-excerpt entry-content\">\n\t\t\t\t\t\tRegnvann vasker med seg forurensning fra tette flater som fasader og gater. Unders\u00f8kelser av vann og sand i gatesluk viser at overvannssystemet transp...\t\t\t\t\t<\/div>\n\t\t\t\t\n\t\t\t\t\t\t\t\t\t\t\t\t\t\t<div class=\"wd-post-read-more wd-style-link read-more-section\">\n\t\t\t\t\t\t<a class=\"\" href=\"https:\/\/huseierforening.no\/unnga-a-spre-helse-og-miljofarlige-stoffer-ved-fjerning-av-gammel-maling\/\">Les mer<\/a>\t\t\t\t\t<\/div>\n\t\t\t\t\t\t\t\t\t\t\t\t\t<\/div>\n\t<\/div>\n<\/article>\n\n\t\t\t\t\t\t\t\t\t\t\t\n<article id=\"post-5122\" class=\"wd-post blog-design-masonry blog-post-loop blog-style-bg wd-add-shadow wd-col post-5122 post type-post status-publish format-standard has-post-thumbnail hentry category-utleie tag-frost tag-frostskader tag-ror tag-rorlegger tag-tilsyn tag-utleie\">\n\t<div class=\"wd-post-inner article-inner\">\n\t\t\t\t\t<div class=\"wd-post-thumb entry-header\">\n\t\t\t\t\t\t\t\t\t<div class=\"wd-post-img post-img-wrapp\">\n\t\t\t\t\t\t<img width=\"1024\" height=\"768\" src=\"https:\/\/huseierforening.no\/wp-content\/uploads\/2021\/02\/Erstad-Heming-004a-1024x768.jpg\" class=\"attachment-large size-large\" alt=\"\" decoding=\"async\" loading=\"lazy\" srcset=\"https:\/\/huseierforening.no\/wp-content\/uploads\/2021\/02\/Erstad-Heming-004a-1024x768.jpg 1024w, https:\/\/huseierforening.no\/wp-content\/uploads\/2021\/02\/Erstad-Heming-004a-150x113.jpg 150w, https:\/\/huseierforening.no\/wp-content\/uploads\/2021\/02\/Erstad-Heming-004a-1000x750.jpg 1000w, https:\/\/huseierforening.no\/wp-content\/uploads\/2021\/02\/Erstad-Heming-004a-300x225.jpg 300w, https:\/\/huseierforening.no\/wp-content\/uploads\/2021\/02\/Erstad-Heming-004a-768x576.jpg 768w, https:\/\/huseierforening.no\/wp-content\/uploads\/2021\/02\/Erstad-Heming-004a-1536x1152.jpg 1536w, https:\/\/huseierforening.no\/wp-content\/uploads\/2021\/02\/Erstad-Heming-004a-2048x1536.jpg 2048w\" sizes=\"auto, (max-width: 1024px) 100vw, 1024px\" \/>\t\t\t\t\t<\/div>\n\t\t\t\t\t<a class=\"wd-fill\" href=\"https:\/\/huseierforening.no\/har-leietaker-reist-hjem-og-slatt-av-varmen\/\"><\/a>\n\t\t\t\t\n\t\t\t\t\t\t\t\t\t\t\t\t<div class=\"wd-post-date wd-style-with-bg\">\n\t\t\t\t<span class=\"post-date-day\">\n\t\t\t\t\t08\t\t\t\t<\/span>\n\t\t\t\t<span class=\"post-date-month\">\n\t\t\t\t\tfeb\t\t\t\t<\/span>\n\t\t\t<\/div>\n\t\t\t\t\t\t\t\t\t<\/div>\n\t\t\n\t\t<div class=\"wd-post-content article-body-container\">\n\t\t\t\t\t\t\t<div class=\"wd-post-cat wd-style-with-bg meta-post-categories\">\n\t\t\t\t\t<a href=\"https:\/\/huseierforening.no\/category\/utleie\/\" rel=\"category tag\">Utleie<\/a>\t\t\t\t<\/div>\n\t\t\t\n\t\t\t\t\t\t\t<h3 class=\"wd-post-title wd-entities-title title post-title\">\n\t\t\t\t\t<a href=\"https:\/\/huseierforening.no\/har-leietaker-reist-hjem-og-slatt-av-varmen\/\" rel=\"bookmark\">Har leietaker reist hjem og sl\u00e5tt av varmen?<\/a>\n\t\t\t\t<\/h3>\n\t\t\t\n\t\t\t\t\t\t\t<div class=\"wd-post-meta\">\n\t\t\t\t\t\t\t\t\t\t\t\t\t\t\t<div class=\"wd-post-author\">\n\t\t\t\t\t\t\t\t\t\t\t<span>Publisert av<\/span>\n\t\t\n\t\t\t\t\t<img alt='author-avatar' src='https:\/\/secure.gravatar.com\/avatar\/c42b6a3996510724487a7a7b8461ec531a8faefb0b718109d575f477d406d4b5?s=18&#038;d=mm&#038;r=g' srcset='https:\/\/secure.gravatar.com\/avatar\/c42b6a3996510724487a7a7b8461ec531a8faefb0b718109d575f477d406d4b5?s=36&#038;d=mm&#038;r=g 2x' class='avatar avatar-18 photo' height='18' width='18' loading='lazy' decoding='async'\/>\t\t\n\t\t\t\t\t<a href=\"https:\/\/huseierforening.no\/author\/juriks\/\" class=\"author\" rel=\"author\">Bergen Huseierforening<\/a>\n\t\t\t\t\t\t\t\t\t<\/div>\n\t\t\t\t\t<div class=\"wd-modified-date\">\n\t\t\t\t\t\t\t\t<time class=\"updated\" datetime=\"2023-05-22T11:12:04+02:00\">\n\t\t\t22. mai 2023\t\t<\/time>\n\t\t\t\t\t\t\t<\/div>\n\n\t\t\t\t\t\t\t\t\t\t\t<div class=\"wd-post-share wd-tltp\">\n\t\t\t\t\t\t\t<div class=\"tooltip top\">\n\t\t\t\t\t\t\t\t<div class=\"tooltip-inner\">\n\t\t\t\t\t\t\t\t\t\t\t\t<div\n\t\t\t\t\t\tclass=\" wd-social-icons  wd-style-default wd-size-small social-share wd-shape-circle color-scheme-light text-center\">\n\t\t\t\t\n\t\t\t\t\n\t\t\t\t\t\t\t\t\t<a rel=\"noopener noreferrer nofollow\" href=\"https:\/\/www.facebook.com\/sharer\/sharer.php?u=https:\/\/huseierforening.no\/aktuelt\/\" target=\"_blank\" class=\" wd-social-icon social-facebook\" aria-label=\"Facebook social link\">\n\t\t\t\t\t\t<span class=\"wd-icon\"><\/span>\n\t\t\t\t\t\t\t\t\t\t\t<\/a>\n\t\t\t\t\n\t\t\t\t\t\t\t\t\t<a rel=\"noopener noreferrer nofollow\" href=\"https:\/\/x.com\/share?url=https:\/\/huseierforening.no\/aktuelt\/\" target=\"_blank\" class=\" wd-social-icon social-twitter\" aria-label=\"X social link\">\n\t\t\t\t\t\t<span class=\"wd-icon\"><\/span>\n\t\t\t\t\t\t\t\t\t\t\t<\/a>\n\t\t\t\t\n\t\t\t\t\n\t\t\t\t\t\t\t\t\t<a rel=\"noopener noreferrer nofollow\" href=\"mailto:?subject=Check%20this%20https:\/\/huseierforening.no\/aktuelt\/\" target=\"_blank\" class=\" wd-social-icon social-email\" aria-label=\"Email social link\">\n\t\t\t\t\t\t<span class=\"wd-icon\"><\/span>\n\t\t\t\t\t\t\t\t\t\t\t<\/a>\n\t\t\t\t\n\t\t\t\t\n\t\t\t\t\n\t\t\t\t\n\t\t\t\t\n\t\t\t\t\n\t\t\t\t\t\t\t\t\t<a rel=\"noopener noreferrer nofollow\" href=\"https:\/\/www.linkedin.com\/shareArticle?mini=true&url=https:\/\/huseierforening.no\/aktuelt\/\" target=\"_blank\" class=\" wd-social-icon social-linkedin\" aria-label=\"Linkedin social link\">\n\t\t\t\t\t\t<span class=\"wd-icon\"><\/span>\n\t\t\t\t\t\t\t\t\t\t\t<\/a>\n\t\t\t\t\n\t\t\t\t\n\t\t\t\t\n\t\t\t\t\n\t\t\t\t\n\t\t\t\t\n\t\t\t\t\n\t\t\t\t\n\t\t\t\t\n\t\t\t\t\n\t\t\t\t\n\t\t\t\t\n\t\t\t\t\n\t\t\t\t\n\t\t\t\t\n\t\t\t\t\n\t\t\t\t\n\t\t\t<\/div>\n\n\t\t\t\t\t\t\t\t\t\t<\/div>\n\t\t\t\t\t\t\t\t<div class=\"tooltip-arrow\"><\/div>\n\t\t\t\t\t\t\t<\/div>\n\t\t\t\t\t\t<\/div>\n\t\t\t\t\t\n\t\t\t\t\t\t\t\t\t<\/div>\n\t\t\t\n\t\t\t\t\t\t\t\t\t\t\t\t<div class=\"wd-post-excerpt entry-content\">\n\t\t\t\t\t\tBergen er i vinter kaldere enn p\u00e5 mange \u00e5r, og en del studenter og andre leietakere har p\u00e5 grunn av korona enten nylig reist hjem igjen, eller ikke ko...\t\t\t\t\t<\/div>\n\t\t\t\t\n\t\t\t\t\t\t\t\t\t\t\t\t\t\t<div class=\"wd-post-read-more wd-style-link read-more-section\">\n\t\t\t\t\t\t<a class=\"\" href=\"https:\/\/huseierforening.no\/har-leietaker-reist-hjem-og-slatt-av-varmen\/\">Les mer<\/a>\t\t\t\t\t<\/div>\n\t\t\t\t\t\t\t\t\t\t\t\t\t<\/div>\n\t<\/div>\n<\/article>\n\n\t\t\t\t\t\t\t\t\t\t\t\n<article id=\"post-5102\" class=\"wd-post blog-design-masonry blog-post-loop blog-style-bg wd-add-shadow wd-col post-5102 post type-post status-publish format-standard has-post-thumbnail hentry category-plan-og-bygg category-utleie tag-bruksenhet tag-hoyesterett tag-opphor-av-bruk tag-plan-og-bygg tag-tolkningsuttalelse tag-ulovlig-bruk tag-utleie\">\n\t<div class=\"wd-post-inner article-inner\">\n\t\t\t\t\t<div class=\"wd-post-thumb entry-header\">\n\t\t\t\t\t\t\t\t\t<div class=\"wd-post-img post-img-wrapp\">\n\t\t\t\t\t\t<img width=\"1024\" height=\"683\" src=\"https:\/\/huseierforening.no\/wp-content\/uploads\/2021\/01\/IMG_0698-1024x683.jpg\" class=\"attachment-large size-large\" alt=\"ikke-godkjent boenhet\" decoding=\"async\" loading=\"lazy\" srcset=\"https:\/\/huseierforening.no\/wp-content\/uploads\/2021\/01\/IMG_0698-1024x683.jpg 1024w, https:\/\/huseierforening.no\/wp-content\/uploads\/2021\/01\/IMG_0698-scaled-150x100.jpg 150w, https:\/\/huseierforening.no\/wp-content\/uploads\/2021\/01\/IMG_0698-scaled-1000x667.jpg 1000w, https:\/\/huseierforening.no\/wp-content\/uploads\/2021\/01\/IMG_0698-300x200.jpg 300w, https:\/\/huseierforening.no\/wp-content\/uploads\/2021\/01\/IMG_0698-768x512.jpg 768w, https:\/\/huseierforening.no\/wp-content\/uploads\/2021\/01\/IMG_0698-1536x1024.jpg 1536w, https:\/\/huseierforening.no\/wp-content\/uploads\/2021\/01\/IMG_0698-2048x1365.jpg 2048w\" sizes=\"auto, (max-width: 1024px) 100vw, 1024px\" \/>\t\t\t\t\t<\/div>\n\t\t\t\t\t<a class=\"wd-fill\" href=\"https:\/\/huseierforening.no\/tolkningsuttalelse-om-huseiers-ansvar-ved-utleie-av-ikke-godkjent-boenhet\/\"><\/a>\n\t\t\t\t\n\t\t\t\t\t\t\t\t\t\t\t\t<div class=\"wd-post-date wd-style-with-bg\">\n\t\t\t\t<span class=\"post-date-day\">\n\t\t\t\t\t27\t\t\t\t<\/span>\n\t\t\t\t<span class=\"post-date-month\">\n\t\t\t\t\tjan\t\t\t\t<\/span>\n\t\t\t<\/div>\n\t\t\t\t\t\t\t\t\t<\/div>\n\t\t\n\t\t<div class=\"wd-post-content article-body-container\">\n\t\t\t\t\t\t\t<div class=\"wd-post-cat wd-style-with-bg meta-post-categories\">\n\t\t\t\t\t<a href=\"https:\/\/huseierforening.no\/category\/plan-og-bygg\/\" rel=\"category tag\">Plan og bygg<\/a>, <a href=\"https:\/\/huseierforening.no\/category\/utleie\/\" rel=\"category tag\">Utleie<\/a>\t\t\t\t<\/div>\n\t\t\t\n\t\t\t\t\t\t\t<h3 class=\"wd-post-title wd-entities-title title post-title\">\n\t\t\t\t\t<a href=\"https:\/\/huseierforening.no\/tolkningsuttalelse-om-huseiers-ansvar-ved-utleie-av-ikke-godkjent-boenhet\/\" rel=\"bookmark\">Tolkningsuttalelse om huseiers ansvar ved utleie av ikke-godkjent boenhet<\/a>\n\t\t\t\t<\/h3>\n\t\t\t\n\t\t\t\t\t\t\t<div class=\"wd-post-meta\">\n\t\t\t\t\t\t\t\t\t\t\t\t\t\t\t<div class=\"wd-post-author\">\n\t\t\t\t\t\t\t\t\t\t\t<span>Publisert av<\/span>\n\t\t\n\t\t\t\t\t<img alt='author-avatar' src='https:\/\/secure.gravatar.com\/avatar\/c42b6a3996510724487a7a7b8461ec531a8faefb0b718109d575f477d406d4b5?s=18&#038;d=mm&#038;r=g' srcset='https:\/\/secure.gravatar.com\/avatar\/c42b6a3996510724487a7a7b8461ec531a8faefb0b718109d575f477d406d4b5?s=36&#038;d=mm&#038;r=g 2x' class='avatar avatar-18 photo' height='18' width='18' loading='lazy' decoding='async'\/>\t\t\n\t\t\t\t\t<a href=\"https:\/\/huseierforening.no\/author\/juriks\/\" class=\"author\" rel=\"author\">Bergen Huseierforening<\/a>\n\t\t\t\t\t\t\t\t\t<\/div>\n\t\t\t\t\t<div class=\"wd-modified-date\">\n\t\t\t\t\t\t\t\t<time class=\"updated\" datetime=\"2023-06-28T14:35:45+02:00\">\n\t\t\t28. juni 2023\t\t<\/time>\n\t\t\t\t\t\t\t<\/div>\n\n\t\t\t\t\t\t\t\t\t\t\t<div class=\"wd-post-share wd-tltp\">\n\t\t\t\t\t\t\t<div class=\"tooltip top\">\n\t\t\t\t\t\t\t\t<div class=\"tooltip-inner\">\n\t\t\t\t\t\t\t\t\t\t\t\t<div\n\t\t\t\t\t\tclass=\" wd-social-icons  wd-style-default wd-size-small social-share wd-shape-circle color-scheme-light text-center\">\n\t\t\t\t\n\t\t\t\t\n\t\t\t\t\t\t\t\t\t<a rel=\"noopener noreferrer nofollow\" href=\"https:\/\/www.facebook.com\/sharer\/sharer.php?u=https:\/\/huseierforening.no\/aktuelt\/\" target=\"_blank\" class=\" wd-social-icon social-facebook\" aria-label=\"Facebook social link\">\n\t\t\t\t\t\t<span class=\"wd-icon\"><\/span>\n\t\t\t\t\t\t\t\t\t\t\t<\/a>\n\t\t\t\t\n\t\t\t\t\t\t\t\t\t<a rel=\"noopener noreferrer nofollow\" href=\"https:\/\/x.com\/share?url=https:\/\/huseierforening.no\/aktuelt\/\" target=\"_blank\" class=\" wd-social-icon social-twitter\" aria-label=\"X social link\">\n\t\t\t\t\t\t<span class=\"wd-icon\"><\/span>\n\t\t\t\t\t\t\t\t\t\t\t<\/a>\n\t\t\t\t\n\t\t\t\t\n\t\t\t\t\t\t\t\t\t<a rel=\"noopener noreferrer nofollow\" href=\"mailto:?subject=Check%20this%20https:\/\/huseierforening.no\/aktuelt\/\" target=\"_blank\" class=\" wd-social-icon social-email\" aria-label=\"Email social link\">\n\t\t\t\t\t\t<span class=\"wd-icon\"><\/span>\n\t\t\t\t\t\t\t\t\t\t\t<\/a>\n\t\t\t\t\n\t\t\t\t\n\t\t\t\t\n\t\t\t\t\n\t\t\t\t\n\t\t\t\t\n\t\t\t\t\t\t\t\t\t<a rel=\"noopener noreferrer nofollow\" href=\"https:\/\/www.linkedin.com\/shareArticle?mini=true&url=https:\/\/huseierforening.no\/aktuelt\/\" target=\"_blank\" class=\" wd-social-icon social-linkedin\" aria-label=\"Linkedin social link\">\n\t\t\t\t\t\t<span class=\"wd-icon\"><\/span>\n\t\t\t\t\t\t\t\t\t\t\t<\/a>\n\t\t\t\t\n\t\t\t\t\n\t\t\t\t\n\t\t\t\t\n\t\t\t\t\n\t\t\t\t\n\t\t\t\t\n\t\t\t\t\n\t\t\t\t\n\t\t\t\t\n\t\t\t\t\n\t\t\t\t\n\t\t\t\t\n\t\t\t\t\n\t\t\t\t\n\t\t\t\t\n\t\t\t\t\n\t\t\t<\/div>\n\n\t\t\t\t\t\t\t\t\t\t<\/div>\n\t\t\t\t\t\t\t\t<div class=\"tooltip-arrow\"><\/div>\n\t\t\t\t\t\t\t<\/div>\n\t\t\t\t\t\t<\/div>\n\t\t\t\t\t\n\t\t\t\t\t\t\t\t\t<\/div>\n\t\t\t\n\t\t\t\t\t\t\t\t\t\t\t\t<div class=\"wd-post-excerpt entry-content\">\n\t\t\t\t\t\tDepartementet har i en tolkningsuttalelse fra 15. januar 2021 uttalt seg om hvem som er rett adressat for p\u00e5legg om opph\u00f8r av bruk etter plan- og bygn...\t\t\t\t\t<\/div>\n\t\t\t\t\n\t\t\t\t\t\t\t\t\t\t\t\t\t\t<div class=\"wd-post-read-more wd-style-link read-more-section\">\n\t\t\t\t\t\t<a class=\"\" href=\"https:\/\/huseierforening.no\/tolkningsuttalelse-om-huseiers-ansvar-ved-utleie-av-ikke-godkjent-boenhet\/\">Les mer<\/a>\t\t\t\t\t<\/div>\n\t\t\t\t\t\t\t\t\t\t\t\t\t<\/div>\n\t<\/div>\n<\/article>\n\n\t\t\t\t\t\t\t\t\t\t\t\n<article id=\"post-4971\" class=\"wd-post blog-design-masonry blog-post-loop blog-style-bg wd-add-shadow wd-col post-4971 post type-post status-publish format-standard has-post-thumbnail hentry category-politisk category-skatt category-utleie tag-bolig tag-bygard tag-skatt tag-utleie\">\n\t<div class=\"wd-post-inner article-inner\">\n\t\t\t\t\t<div class=\"wd-post-thumb entry-header\">\n\t\t\t\t\t\t\t\t\t<div class=\"wd-post-img post-img-wrapp\">\n\t\t\t\t\t\t<img width=\"1024\" height=\"683\" src=\"https:\/\/huseierforening.no\/wp-content\/uploads\/2020\/12\/bygard-1024x683.jpg\" class=\"attachment-large size-large\" alt=\"\" decoding=\"async\" loading=\"lazy\" srcset=\"https:\/\/huseierforening.no\/wp-content\/uploads\/2020\/12\/bygard-1024x683.jpg 1024w, https:\/\/huseierforening.no\/wp-content\/uploads\/2020\/12\/bygard-scaled-150x100.jpg 150w, https:\/\/huseierforening.no\/wp-content\/uploads\/2020\/12\/bygard-scaled-1000x667.jpg 1000w, https:\/\/huseierforening.no\/wp-content\/uploads\/2020\/12\/bygard-300x200.jpg 300w, https:\/\/huseierforening.no\/wp-content\/uploads\/2020\/12\/bygard-768x512.jpg 768w, https:\/\/huseierforening.no\/wp-content\/uploads\/2020\/12\/bygard-1536x1024.jpg 1536w, https:\/\/huseierforening.no\/wp-content\/uploads\/2020\/12\/bygard-2048x1365.jpg 2048w\" sizes=\"auto, (max-width: 1024px) 100vw, 1024px\" \/>\t\t\t\t\t<\/div>\n\t\t\t\t\t<a class=\"wd-fill\" href=\"https:\/\/huseierforening.no\/det-er-ikke-lenger-god-butikk-a-drive-bygard\/\"><\/a>\n\t\t\t\t\n\t\t\t\t\t\t\t\t\t\t\t\t<div class=\"wd-post-date wd-style-with-bg\">\n\t\t\t\t<span class=\"post-date-day\">\n\t\t\t\t\t21\t\t\t\t<\/span>\n\t\t\t\t<span class=\"post-date-month\">\n\t\t\t\t\tdes\t\t\t\t<\/span>\n\t\t\t<\/div>\n\t\t\t\t\t\t\t\t\t<\/div>\n\t\t\n\t\t<div class=\"wd-post-content article-body-container\">\n\t\t\t\t\t\t\t<div class=\"wd-post-cat wd-style-with-bg meta-post-categories\">\n\t\t\t\t\t<a href=\"https:\/\/huseierforening.no\/category\/politisk\/\" rel=\"category tag\">Politisk<\/a>, <a href=\"https:\/\/huseierforening.no\/category\/skatt\/\" rel=\"category tag\">Skatt<\/a>, <a href=\"https:\/\/huseierforening.no\/category\/utleie\/\" rel=\"category tag\">Utleie<\/a>\t\t\t\t<\/div>\n\t\t\t\n\t\t\t\t\t\t\t<h3 class=\"wd-post-title wd-entities-title title post-title\">\n\t\t\t\t\t<a href=\"https:\/\/huseierforening.no\/det-er-ikke-lenger-god-butikk-a-drive-bygard\/\" rel=\"bookmark\">Det er ikke lenger god butikk \u00e5 drive byg\u00e5rd<\/a>\n\t\t\t\t<\/h3>\n\t\t\t\n\t\t\t\t\t\t\t<div class=\"wd-post-meta\">\n\t\t\t\t\t\t\t\t\t\t\t\t\t\t\t<div class=\"wd-post-author\">\n\t\t\t\t\t\t\t\t\t\t\t<span>Publisert av<\/span>\n\t\t\n\t\t\t\t\t<img alt='author-avatar' src='https:\/\/secure.gravatar.com\/avatar\/c42b6a3996510724487a7a7b8461ec531a8faefb0b718109d575f477d406d4b5?s=18&#038;d=mm&#038;r=g' srcset='https:\/\/secure.gravatar.com\/avatar\/c42b6a3996510724487a7a7b8461ec531a8faefb0b718109d575f477d406d4b5?s=36&#038;d=mm&#038;r=g 2x' class='avatar avatar-18 photo' height='18' width='18' loading='lazy' decoding='async'\/>\t\t\n\t\t\t\t\t<a href=\"https:\/\/huseierforening.no\/author\/juriks\/\" class=\"author\" rel=\"author\">Bergen Huseierforening<\/a>\n\t\t\t\t\t\t\t\t\t<\/div>\n\t\t\t\t\t<div class=\"wd-modified-date\">\n\t\t\t\t\t\t\t\t<time class=\"updated\" datetime=\"2024-04-15T11:17:00+02:00\">\n\t\t\t15. april 2024\t\t<\/time>\n\t\t\t\t\t\t\t<\/div>\n\n\t\t\t\t\t\t\t\t\t\t\t<div class=\"wd-post-share wd-tltp\">\n\t\t\t\t\t\t\t<div class=\"tooltip top\">\n\t\t\t\t\t\t\t\t<div class=\"tooltip-inner\">\n\t\t\t\t\t\t\t\t\t\t\t\t<div\n\t\t\t\t\t\tclass=\" wd-social-icons  wd-style-default wd-size-small social-share wd-shape-circle color-scheme-light text-center\">\n\t\t\t\t\n\t\t\t\t\n\t\t\t\t\t\t\t\t\t<a rel=\"noopener noreferrer nofollow\" href=\"https:\/\/www.facebook.com\/sharer\/sharer.php?u=https:\/\/huseierforening.no\/aktuelt\/\" target=\"_blank\" class=\" wd-social-icon social-facebook\" aria-label=\"Facebook social link\">\n\t\t\t\t\t\t<span class=\"wd-icon\"><\/span>\n\t\t\t\t\t\t\t\t\t\t\t<\/a>\n\t\t\t\t\n\t\t\t\t\t\t\t\t\t<a rel=\"noopener noreferrer nofollow\" href=\"https:\/\/x.com\/share?url=https:\/\/huseierforening.no\/aktuelt\/\" target=\"_blank\" class=\" wd-social-icon social-twitter\" aria-label=\"X social link\">\n\t\t\t\t\t\t<span class=\"wd-icon\"><\/span>\n\t\t\t\t\t\t\t\t\t\t\t<\/a>\n\t\t\t\t\n\t\t\t\t\n\t\t\t\t\t\t\t\t\t<a rel=\"noopener noreferrer nofollow\" href=\"mailto:?subject=Check%20this%20https:\/\/huseierforening.no\/aktuelt\/\" target=\"_blank\" class=\" wd-social-icon social-email\" aria-label=\"Email social link\">\n\t\t\t\t\t\t<span class=\"wd-icon\"><\/span>\n\t\t\t\t\t\t\t\t\t\t\t<\/a>\n\t\t\t\t\n\t\t\t\t\n\t\t\t\t\n\t\t\t\t\n\t\t\t\t\n\t\t\t\t\n\t\t\t\t\t\t\t\t\t<a rel=\"noopener noreferrer nofollow\" href=\"https:\/\/www.linkedin.com\/shareArticle?mini=true&url=https:\/\/huseierforening.no\/aktuelt\/\" target=\"_blank\" class=\" wd-social-icon social-linkedin\" aria-label=\"Linkedin social link\">\n\t\t\t\t\t\t<span class=\"wd-icon\"><\/span>\n\t\t\t\t\t\t\t\t\t\t\t<\/a>\n\t\t\t\t\n\t\t\t\t\n\t\t\t\t\n\t\t\t\t\n\t\t\t\t\n\t\t\t\t\n\t\t\t\t\n\t\t\t\t\n\t\t\t\t\n\t\t\t\t\n\t\t\t\t\n\t\t\t\t\n\t\t\t\t\n\t\t\t\t\n\t\t\t\t\n\t\t\t\t\n\t\t\t\t\n\t\t\t<\/div>\n\n\t\t\t\t\t\t\t\t\t\t<\/div>\n\t\t\t\t\t\t\t\t<div class=\"tooltip-arrow\"><\/div>\n\t\t\t\t\t\t\t<\/div>\n\t\t\t\t\t\t<\/div>\n\t\t\t\t\t\n\t\t\t\t\t\t\t\t\t<\/div>\n\t\t\t\n\t\t\t\t\t\t\t\t\t\t\t\t<div class=\"wd-post-excerpt entry-content\">\n\t\t\t\t\t\tDet er ikke lenger l\u00f8nnsomt \u00e5 drive utleie av mindre byg\u00e5rder. Dagens skattepolitikk skader utleiemarkedet, bidrar til d\u00e5rlige boforhold og \u00f8kte bolig...\t\t\t\t\t<\/div>\n\t\t\t\t\n\t\t\t\t\t\t\t\t\t\t\t\t\t\t<div class=\"wd-post-read-more wd-style-link read-more-section\">\n\t\t\t\t\t\t<a class=\"\" href=\"https:\/\/huseierforening.no\/det-er-ikke-lenger-god-butikk-a-drive-bygard\/\">Les mer<\/a>\t\t\t\t\t<\/div>\n\t\t\t\t\t\t\t\t\t\t\t\t\t<\/div>\n\t<\/div>\n<\/article>\n\n\t\t\t\t\t\n\t\t\t\t\t","status":"have-posts","nextPage":"https:\/\/huseierforening.no\/aktuelt\/page\/26\/?woo_ajax=1","currentPage":"https:\/\/huseierforening.no\/aktuelt\/page\/25"}